{"id":3486,"date":"2024-09-19T10:12:07","date_gmt":"2024-09-19T10:12:07","guid":{"rendered":"https:\/\/www.nerjacasualrooms.com\/?p=3486"},"modified":"2024-09-19T10:13:55","modified_gmt":"2024-09-19T10:13:55","slug":"marta-sanchez-dia-turista-nerja","status":"publish","type":"post","link":"https:\/\/www.nerjacasualrooms.com\/en\/marta-sanchez-dia-turista-nerja\/","title":{"rendered":"Marta S\u00e1nchez d\u00eda del Turista Nerja"},"content":{"rendered":"<div data-elementor-type=\"wp-post\" data-elementor-id=\"3486\" class=\"elementor elementor-3486\">\n\t\t\t\t\t\t\t<div class=\"elementor-element elementor-element-ef79f20 e-flex e-con-boxed e-con e-parent\" data-id=\"ef79f20\" data-element_type=\"container\" data-settings=\"{&quot;content_width&quot;:&quot;boxed&quot;}\" data-core-v316-plus=\"true\">\n\t\t\t\t\t<div class=\"e-con-inner\">\n\t\t\t\t<div class=\"elementor-element elementor-element-b246d2f elementor-widget__width-initial elementor-widget-tablet__width-initial elementor-widget-mobile__width-initial elementor-widget elementor-widget-heading\" data-id=\"b246d2f\" data-element_type=\"widget\" data-widget_type=\"heading.default\">\n\t\t\t\t<div class=\"elementor-widget-container\">\n\t\t\t<style>\/*! elementor - v3.18.0 - 20-12-2023 *\/\n.elementor-heading-title{padding:0;margin:0;line-height:1}.elementor-widget-heading .elementor-heading-title[class*=elementor-size-]>a{color:inherit;font-size:inherit;line-height:inherit}.elementor-widget-heading .elementor-heading-title.elementor-size-small{font-size:15px}.elementor-widget-heading .elementor-heading-title.elementor-size-medium{font-size:19px}.elementor-widget-heading .elementor-heading-title.elementor-size-large{font-size:29px}.elementor-widget-heading .elementor-heading-title.elementor-size-xl{font-size:39px}.elementor-widget-heading .elementor-heading-title.elementor-size-xxl{font-size:59px}<\/style><h2 class=\"elementor-heading-title elementor-size-default\">\ud83c\udfb6 \u00a1Marta S\u00e1nchez en Nerja! \ud83c\udf89<\/h2>\t\t<\/div>\n\t\t\t\t<\/div>\n\t\t\t\t<div class=\"elementor-element elementor-element-18c1fd0 elementor-widget elementor-widget-image\" data-id=\"18c1fd0\" data-element_type=\"widget\" data-widget_type=\"image.default\">\n\t\t\t\t<div class=\"elementor-widget-container\">\n\t\t\t<style>\/*! elementor - v3.18.0 - 20-12-2023 *\/\n.elementor-widget-image{text-align:center}.elementor-widget-image a{display:inline-block}.elementor-widget-image a img[src$=\".svg\"]{width:48px}.elementor-widget-image img{vertical-align:middle;display:inline-block}<\/style>\t\t\t\t\t\t\t\t\t\t\t\t<img fetchpriority=\"high\" decoding=\"async\" width=\"526\" height=\"696\" src=\"https:\/\/www.nerjacasualrooms.com\/wp-content\/uploads\/2024\/09\/Marta-Sanchez.jpg\" class=\"attachment-large size-large wp-image-3487\" alt=\"\" srcset=\"https:\/\/www.nerjacasualrooms.com\/wp-content\/uploads\/2024\/09\/Marta-Sanchez.jpg 526w, https:\/\/www.nerjacasualrooms.com\/wp-content\/uploads\/2024\/09\/Marta-Sanchez-227x300.jpg 227w, https:\/\/www.nerjacasualrooms.com\/wp-content\/uploads\/2024\/09\/Marta-Sanchez-9x12.jpg 9w\" sizes=\"(max-width: 526px) 100vw, 526px\" \/>\t\t\t\t\t\t\t\t\t\t\t\t\t\t\t<\/div>\n\t\t\t\t<\/div>\n\t\t\t\t<div class=\"elementor-element elementor-element-3629f81 elementor-widget elementor-widget-text-editor\" data-id=\"3629f81\" data-element_type=\"widget\" data-widget_type=\"text-editor.default\">\n\t\t\t\t<div class=\"elementor-widget-container\">\n\t\t\t<style>\/*! elementor - v3.18.0 - 20-12-2023 *\/\n.elementor-widget-text-editor.elementor-drop-cap-view-stacked .elementor-drop-cap{background-color:#69727d;color:#fff}.elementor-widget-text-editor.elementor-drop-cap-view-framed .elementor-drop-cap{color:#69727d;border:3px solid;background-color:transparent}.elementor-widget-text-editor:not(.elementor-drop-cap-view-default) .elementor-drop-cap{margin-top:8px}.elementor-widget-text-editor:not(.elementor-drop-cap-view-default) .elementor-drop-cap-letter{width:1em;height:1em}.elementor-widget-text-editor .elementor-drop-cap{float:left;text-align:center;line-height:1;font-size:50px}.elementor-widget-text-editor .elementor-drop-cap-letter{display:inline-block}<\/style>\t\t\t\t<p>El pr\u00f3ximo <strong>27 de septiembre<\/strong> a las <strong>22:00 h<\/strong>, la Plaza de Espa\u00f1a se llenar\u00e1 de m\u00fasica y emoci\u00f3n con la actuaci\u00f3n de la ic\u00f3nica <strong>Marta S\u00e1nchez<\/strong> en el marco del <strong>D\u00eda del Turista<\/strong>.<\/p>\t\t\t\t\t\t<\/div>\n\t\t\t\t<\/div>\n\t\t\t\t<div class=\"elementor-element elementor-element-6086732 elementor-widget elementor-widget-text-editor\" data-id=\"6086732\" data-element_type=\"widget\" data-widget_type=\"text-editor.default\">\n\t\t\t\t<div class=\"elementor-widget-container\">\n\t\t\t\t\t\t\t<p>Esta es una oportunidad \u00fanica para disfrutar de una noche m\u00e1gica con una de las artistas m\u00e1s queridas de Espa\u00f1a.<\/p><p><strong>\u00bfPor qu\u00e9 no aprovechar esta ocasi\u00f3n para hacer una escapada a Nerja?<\/strong> En <strong>Nerja Casual Rooms<\/strong>, te ofrecemos un ambiente acogedor y c\u00f3modo, ideal para relajarte despu\u00e9s de disfrutar del espect\u00e1culo. Estamos ubicados en el coraz\u00f3n de Nerja, a solo unos pasos de la Plaza de Espa\u00f1a, lo que te permitir\u00e1 disfrutar de todo lo que esta maravillosa localidad tiene para ofrecer.<\/p><h3>\u00bfQu\u00e9 esperar de la actuaci\u00f3n?<\/h3><p>Marta S\u00e1nchez presentar\u00e1 sus grandes \u00e9xitos y su nuevo show \u00abVoy a mil\u00bb, prometiendo una noche llena de energ\u00eda y buena m\u00fasica. No te lo puedes perder, \u00a1ser\u00e1 una experiencia inolvidable!<\/p><h3>Reserva tu estancia<\/h3><p>Si deseas hospedarte con nosotros, aseg\u00farate de reservar tu habitaci\u00f3n con antelaci\u00f3n. Nos encantar\u00eda ser parte de tu experiencia en este evento tan especial.<\/p><p>\u00a1Te esperamos en Nerja para celebrar juntos el D\u00eda del Turista! \ud83c\udf89<\/p>\t\t\t\t\t\t<\/div>\n\t\t\t\t<\/div>\n\t\t\t\t\t<\/div>\n\t\t\t\t<\/div>\n\t\t\t\t\t\t\t<\/div>","protected":false},"excerpt":{"rendered":"<p>\ud83c\udfb6 \u00a1Marta S\u00e1nchez en Nerja! \ud83c\udf89 El pr\u00f3ximo 27 de septiembre a las 22:00 h, la Plaza de Espa\u00f1a se llenar\u00e1 de m\u00fasica y emoci\u00f3n con la actuaci\u00f3n de la ic\u00f3nica Marta S\u00e1nchez en el marco del D\u00eda del Turista. Esta es una oportunidad \u00fanica para disfrutar de una noche m\u00e1gica con una de las [&hellip;]<\/p>","protected":false},"author":1,"featured_media":3487,"comment_status":"closed","ping_status":"closed","sticky":false,"template":"elementor_header_footer","format":"standard","meta":{"footnotes":""},"categories":[39],"tags":[],"yoast_head":"<!-- This site is optimized with the Yoast SEO plugin v14.3 - https:\/\/yoast.com\/wordpress\/plugins\/seo\/ -->\n<title>Marta S\u00e1nchez d\u00eda del Turista Nerja - Nerja Casual Rooms<\/title>\n<meta name=\"description\" content=\"Con el alquiler de paddle surf o kayak, puedes remar a lo largo de la costa, descubrir cuevas marinas y disfrutar de vistas panor\u00e1micas que no se pueden ver desde la tierra.\" \/>\n<meta name=\"robots\" content=\"index, follow\" \/>\n<meta name=\"googlebot\" content=\"index, follow, max-snippet:-1, max-image-preview:large, max-video-preview:-1\" \/>\n<meta name=\"bingbot\" content=\"index, follow, max-snippet:-1, max-image-preview:large, max-video-preview:-1\" \/>\n<link rel=\"canonical\" href=\"https:\/\/www.nerjacasualrooms.com\/en\/marta-sanchez-dia-turista-nerja\/\" \/>\n<meta property=\"og:locale\" content=\"en_GB\" \/>\n<meta property=\"og:type\" content=\"article\" \/>\n<meta property=\"og:title\" content=\"Marta S\u00e1nchez d\u00eda del Turista Nerja - Nerja Casual Rooms\" \/>\n<meta property=\"og:description\" content=\"Con el alquiler de paddle surf o kayak, puedes remar a lo largo de la costa, descubrir cuevas marinas y disfrutar de vistas panor\u00e1micas que no se pueden ver desde la tierra.\" \/>\n<meta property=\"og:url\" content=\"https:\/\/www.nerjacasualrooms.com\/en\/marta-sanchez-dia-turista-nerja\/\" \/>\n<meta property=\"og:site_name\" content=\"Nerja Casual Rooms\" \/>\n<meta property=\"article:publisher\" content=\"https:\/\/www.facebook.com\/nerjacasualrooms\" \/>\n<meta property=\"article:published_time\" content=\"2024-09-19T10:12:07+00:00\" \/>\n<meta property=\"article:modified_time\" content=\"2024-09-19T10:13:55+00:00\" \/>\n<meta property=\"og:image\" content=\"https:\/\/www.nerjacasualrooms.com\/wp-content\/uploads\/2024\/09\/Marta-Sanchez.jpg\" \/>\n\t<meta property=\"og:image:width\" content=\"526\" \/>\n\t<meta property=\"og:image:height\" content=\"696\" \/>\n<meta name=\"twitter:card\" content=\"summary_large_image\" \/>\n<script type=\"application\/ld+json\" class=\"yoast-schema-graph\">{\"@context\":\"https:\/\/schema.org\",\"@graph\":[{\"@type\":\"Organization\",\"@id\":\"https:\/\/www.nerjacasualrooms.com\/en\/#organization\",\"name\":\"Casual Rooms\",\"url\":\"https:\/\/www.nerjacasualrooms.com\/en\/\",\"sameAs\":[\"https:\/\/www.facebook.com\/nerjacasualrooms\"],\"logo\":{\"@type\":\"ImageObject\",\"@id\":\"https:\/\/www.nerjacasualrooms.com\/en\/#logo\",\"inLanguage\":\"en-GB\",\"url\":\"https:\/\/www.nerjacasualrooms.com\/wp-content\/uploads\/2019\/12\/logo2-1.png\",\"width\":197,\"height\":197,\"caption\":\"Casual Rooms\"},\"image\":{\"@id\":\"https:\/\/www.nerjacasualrooms.com\/en\/#logo\"}},{\"@type\":\"WebSite\",\"@id\":\"https:\/\/www.nerjacasualrooms.com\/en\/#website\",\"url\":\"https:\/\/www.nerjacasualrooms.com\/en\/\",\"name\":\"Nerja Casual Rooms\",\"description\":\"Hotel en Nerja\",\"publisher\":{\"@id\":\"https:\/\/www.nerjacasualrooms.com\/en\/#organization\"},\"potentialAction\":[{\"@type\":\"SearchAction\",\"target\":\"https:\/\/www.nerjacasualrooms.com\/en\/?s={search_term_string}\",\"query-input\":\"required name=search_term_string\"}],\"inLanguage\":\"en-GB\"},{\"@type\":\"ImageObject\",\"@id\":\"https:\/\/www.nerjacasualrooms.com\/marta-sanchez-dia-turista-nerja\/#primaryimage\",\"inLanguage\":\"en-GB\",\"url\":\"https:\/\/www.nerjacasualrooms.com\/wp-content\/uploads\/2024\/09\/Marta-Sanchez.jpg\",\"width\":526,\"height\":696},{\"@type\":\"WebPage\",\"@id\":\"https:\/\/www.nerjacasualrooms.com\/marta-sanchez-dia-turista-nerja\/#webpage\",\"url\":\"https:\/\/www.nerjacasualrooms.com\/marta-sanchez-dia-turista-nerja\/\",\"name\":\"Marta S\\u00e1nchez d\\u00eda del Turista Nerja - Nerja Casual Rooms\",\"isPartOf\":{\"@id\":\"https:\/\/www.nerjacasualrooms.com\/en\/#website\"},\"primaryImageOfPage\":{\"@id\":\"https:\/\/www.nerjacasualrooms.com\/marta-sanchez-dia-turista-nerja\/#primaryimage\"},\"datePublished\":\"2024-09-19T10:12:07+00:00\",\"dateModified\":\"2024-09-19T10:13:55+00:00\",\"description\":\"Con el alquiler de paddle surf o kayak, puedes remar a lo largo de la costa, descubrir cuevas marinas y disfrutar de vistas panor\\u00e1micas que no se pueden ver desde la tierra.\",\"inLanguage\":\"en-GB\",\"potentialAction\":[{\"@type\":\"ReadAction\",\"target\":[\"https:\/\/www.nerjacasualrooms.com\/marta-sanchez-dia-turista-nerja\/\"]}]},{\"@type\":\"Article\",\"@id\":\"https:\/\/www.nerjacasualrooms.com\/marta-sanchez-dia-turista-nerja\/#article\",\"isPartOf\":{\"@id\":\"https:\/\/www.nerjacasualrooms.com\/marta-sanchez-dia-turista-nerja\/#webpage\"},\"author\":{\"@id\":\"https:\/\/www.nerjacasualrooms.com\/en\/#\/schema\/person\/1a5555d342c8f055123824eca7c1e30c\"},\"headline\":\"Marta S\\u00e1nchez d\\u00eda del Turista Nerja\",\"datePublished\":\"2024-09-19T10:12:07+00:00\",\"dateModified\":\"2024-09-19T10:13:55+00:00\",\"commentCount\":0,\"mainEntityOfPage\":{\"@id\":\"https:\/\/www.nerjacasualrooms.com\/marta-sanchez-dia-turista-nerja\/#webpage\"},\"publisher\":{\"@id\":\"https:\/\/www.nerjacasualrooms.com\/en\/#organization\"},\"image\":{\"@id\":\"https:\/\/www.nerjacasualrooms.com\/marta-sanchez-dia-turista-nerja\/#primaryimage\"},\"articleSection\":\"Sin categor\\u00eda\",\"inLanguage\":\"en-GB\"},{\"@type\":[\"Person\"],\"@id\":\"https:\/\/www.nerjacasualrooms.com\/en\/#\/schema\/person\/1a5555d342c8f055123824eca7c1e30c\",\"name\":\"Casual\",\"image\":{\"@type\":\"ImageObject\",\"@id\":\"https:\/\/www.nerjacasualrooms.com\/en\/#personlogo\",\"inLanguage\":\"en-GB\",\"url\":\"https:\/\/secure.gravatar.com\/avatar\/6d1386bfa5d45a6792b5e0617e209146?s=96&d=identicon&r=g\",\"caption\":\"Casual\"}}]}<\/script>\n<!-- \/ Yoast SEO plugin. -->","_links":{"self":[{"href":"https:\/\/www.nerjacasualrooms.com\/en\/wp-json\/wp\/v2\/posts\/3486"}],"collection":[{"href":"https:\/\/www.nerjacasualrooms.com\/en\/wp-json\/wp\/v2\/posts"}],"about":[{"href":"https:\/\/www.nerjacasualrooms.com\/en\/wp-json\/wp\/v2\/types\/post"}],"author":[{"embeddable":true,"href":"https:\/\/www.nerjacasualrooms.com\/en\/wp-json\/wp\/v2\/users\/1"}],"replies":[{"embeddable":true,"href":"https:\/\/www.nerjacasualrooms.com\/en\/wp-json\/wp\/v2\/comments?post=3486"}],"version-history":[{"count":4,"href":"https:\/\/www.nerjacasualrooms.com\/en\/wp-json\/wp\/v2\/posts\/3486\/revisions"}],"predecessor-version":[{"id":3491,"href":"https:\/\/www.nerjacasualrooms.com\/en\/wp-json\/wp\/v2\/posts\/3486\/revisions\/3491"}],"wp:featuredmedia":[{"embeddable":true,"href":"https:\/\/www.nerjacasualrooms.com\/en\/wp-json\/wp\/v2\/media\/3487"}],"wp:attachment":[{"href":"https:\/\/www.nerjacasualrooms.com\/en\/wp-json\/wp\/v2\/media?parent=3486"}],"wp:term":[{"taxonomy":"category","embeddable":true,"href":"https:\/\/www.nerjacasualrooms.com\/en\/wp-json\/wp\/v2\/categories?post=3486"},{"taxonomy":"post_tag","embeddable":true,"href":"https:\/\/www.nerjacasualrooms.com\/en\/wp-json\/wp\/v2\/tags?post=3486"}],"curies":[{"name":"wp","href":"https:\/\/api.w.org\/{rel}","templated":true}]}}